{"id":958,"date":"2025-06-02T12:24:13","date_gmt":"2025-06-02T12:24:13","guid":{"rendered":"https:\/\/america.com.uy\/agro\/?p=958"},"modified":"2025-07-10T17:29:53","modified_gmt":"2025-07-10T17:29:53","slug":"por-que-son-imprescindibles-las-pantallas-termicas-aluminizadas-en-los-invernaderos","status":"publish","type":"post","link":"https:\/\/america.com.uy\/agro\/por-que-son-imprescindibles-las-pantallas-termicas-aluminizadas-en-los-invernaderos\/","title":{"rendered":"\u00bfPor qu\u00e9 son imprescindibles las Pantallas T\u00e9rmicas Aluminizadas en los Invernaderos?"},"content":{"rendered":"\n<p class=\"has-white-background-color has-background\">Las <strong>Pantallas T\u00e9rmicas Aluminizadas <\/strong>se han convertido en una herramienta clave para el control clim\u00e1tico dentro de los invernaderos agr\u00edcolas. Su uso es sumamente importante y especialmente en zonas con climas extremos, ya sea en verano o invierno, donde mantener condiciones \u00f3ptimas de temperatura y humedad es crucial para el desarrollo eficiente de los cultivos.<\/p>\n\n\n\n<hr class=\"wp-block-separator has-alpha-channel-opacity\"\/>\n\n\n\n<h3 class=\"wp-block-heading has-black-color has-text-color has-link-color wp-elements-d836f8ced7abc395d378757a0b69dbb0\"><strong>\u00bfQu\u00e9 son las pantallas t\u00e9rmicas?<\/strong><\/h3>\n\n\n\n<p>Las pantallas t\u00e9rmicas son estructuras fabricadas con materiales especializados (como polietileno aluminizado) que se instalan en el techo o techos m\u00f3viles de los invernaderos. Estas pantallas permiten regular la entrada de luz solar y gestionar la temperatura interior, actuando como un filtro t\u00e9rmico entre el exterior y el ambiente protegido del invernadero.<\/p>\n\n\n\n<hr class=\"wp-block-separator has-alpha-channel-opacity\"\/>\n\n\n\n<h3 class=\"wp-block-heading\"><strong>Funciones principales de las pantallas t\u00e9rmicas<\/strong><\/h3>\n\n\n\n<ol start=\"1\" class=\"wp-block-list\">\n<li><strong>Control de la temperatura interior:<\/strong>\n<ul class=\"wp-block-list\">\n<li>En verano, reflejan gran parte de la radiaci\u00f3n solar, evitando sobrecalentamientos.<\/li>\n\n\n\n<li>En invierno, act\u00faan como aislante t\u00e9rmico, reduciendo la p\u00e9rdida de calor durante la noche.<\/li>\n<\/ul>\n<\/li>\n\n\n\n<li><strong>Reducci\u00f3n del estr\u00e9s t\u00e9rmico en los cultivos:<\/strong>\n<ul class=\"wp-block-list\">\n<li>Evitan da\u00f1os por exceso de calor, quemaduras foliares y deshidrataci\u00f3n de las plantas.<\/li>\n\n\n\n<li>Mejoran la transpiraci\u00f3n y la fotos\u00edntesis al mantener condiciones m\u00e1s estables.<\/li>\n<\/ul>\n<\/li>\n\n\n\n<li><strong>Ahorro energ\u00e9tico:<\/strong>\n<ul class=\"wp-block-list\">\n<li>Al mantener temperaturas m\u00e1s constantes, disminuyen la necesidad de sistemas activos de refrigeraci\u00f3n o calefacci\u00f3n.<\/li>\n\n\n\n<li>Esto reduce costos operativos y mejora la sostenibilidad del sistema productivo.<\/li>\n<\/ul>\n<\/li>\n\n\n\n<li><strong>Mejora de la calidad del producto final:<\/strong>\n<ul class=\"wp-block-list\">\n<li>Condiciones microclim\u00e1ticas controladas favorecen el crecimiento uniforme de los cultivos.<\/li>\n\n\n\n<li>Se logra mayor calidad en frutas, hortalizas y flores, lo que incrementa su valor comercial.<\/li>\n<\/ul>\n<\/li>\n<\/ol>\n\n\n\n<hr class=\"wp-block-separator has-alpha-channel-opacity\"\/>\n\n\n\n<h3 class=\"wp-block-heading\"><strong>Tipos de pantallas t\u00e9rmicas m\u00e1s comunes<\/strong><\/h3>\n\n\n\n<ul class=\"wp-block-list\">\n<li><strong>Pantallas fijas: <\/strong>Instaladas permanentemente, ideales para regiones con altas temperaturas constantes.<\/li>\n\n\n\n<li><strong>Pantallas m\u00f3viles o retr\u00e1ctiles: <\/strong>Permiten ajustar la cobertura seg\u00fan la hora del d\u00eda o la \u00e9poca del a\u00f1o, ofreciendo mayor flexibilidad.<\/li>\n\n\n\n<li><strong>Pantallas combinadas con mallas sombreadoras: <\/strong>Ofrecen una soluci\u00f3n integral para el control de luz, calor e incluso plagas.<\/li>\n<\/ul>\n\n\n\n<hr class=\"wp-block-separator has-alpha-channel-opacity\"\/>\n\n\n\n<h3 class=\"wp-block-heading\"><\/h3>\n\n\n\n<p class=\"has-white-background-color has-background\"><strong>Conclusi\u00f3n: <\/strong>La instalaci\u00f3n de pantallas t\u00e9rmicas en los invernaderos no solo mejora la eficiencia energ\u00e9tica y la rentabilidad de los cultivos, sino que tambi\u00e9n promueve la sostenibilidad ambiental y el bienestar de los trabajadores. Gracias a su capacidad para regular el clima interior, estas tecnolog\u00edas se han convertido en un componente esencial de la agricultura moderna bajo cubierta. Incorporarlas desde el dise\u00f1o de nuevos invernaderos no es solo una recomendaci\u00f3n, sino una necesidad estrat\u00e9gica para optimizar la producci\u00f3n agr\u00edcola, especialmente en entornos con condiciones clim\u00e1ticas adversas.<\/p>\n\n\n\n<hr class=\"wp-block-separator has-alpha-channel-opacity\"\/>\n\n\n\n<figure class=\"wp-block-gallery has-nested-images columns-default is-cropped wp-block-gallery-1 is-layout-flex wp-block-gallery-is-layout-flex\">\n<figure class=\"wp-block-image size-large\"><img fetchpriority=\"high\" decoding=\"async\" width=\"1000\" height=\"750\" data-id=\"959\" src=\"https:\/\/america.com.uy\/agro\/wp-content\/uploads\/2025\/06\/aluminet-i-1124.jpg\" alt=\"\" class=\"wp-image-959\" srcset=\"https:\/\/america.com.uy\/agro\/wp-content\/uploads\/2025\/06\/aluminet-i-1124.jpg 1000w, https:\/\/america.com.uy\/agro\/wp-content\/uploads\/2025\/06\/aluminet-i-1124-300x225.jpg 300w, https:\/\/america.com.uy\/agro\/wp-content\/uploads\/2025\/06\/aluminet-i-1124-768x576.jpg 768w, https:\/\/america.com.uy\/agro\/wp-content\/uploads\/2025\/06\/aluminet-i-1124-600x450.jpg 600w\" sizes=\"(max-width: 1000px) 100vw, 1000px\" \/><\/figure>\n\n\n\n<figure class=\"wp-block-image size-large\"><img decoding=\"async\" width=\"1000\" height=\"600\" data-id=\"961\" src=\"https:\/\/america.com.uy\/agro\/wp-content\/uploads\/2025\/06\/aluminet-i-1280.jpg\" alt=\"\" class=\"wp-image-961\" srcset=\"https:\/\/america.com.uy\/agro\/wp-content\/uploads\/2025\/06\/aluminet-i-1280.jpg 1000w, https:\/\/america.com.uy\/agro\/wp-content\/uploads\/2025\/06\/aluminet-i-1280-300x180.jpg 300w, https:\/\/america.com.uy\/agro\/wp-content\/uploads\/2025\/06\/aluminet-i-1280-768x461.jpg 768w, https:\/\/america.com.uy\/agro\/wp-content\/uploads\/2025\/06\/aluminet-i-1280-600x360.jpg 600w\" sizes=\"(max-width: 1000px) 100vw, 1000px\" \/><\/figure>\n\n\n\n<figure class=\"wp-block-image size-large\"><img decoding=\"async\" width=\"1000\" height=\"750\" data-id=\"964\" src=\"https:\/\/america.com.uy\/agro\/wp-content\/uploads\/2025\/06\/aluminet-o-815.jpg\" alt=\"\" class=\"wp-image-964\" srcset=\"https:\/\/america.com.uy\/agro\/wp-content\/uploads\/2025\/06\/aluminet-o-815.jpg 1000w, https:\/\/america.com.uy\/agro\/wp-content\/uploads\/2025\/06\/aluminet-o-815-300x225.jpg 300w, https:\/\/america.com.uy\/agro\/wp-content\/uploads\/2025\/06\/aluminet-o-815-768x576.jpg 768w, https:\/\/america.com.uy\/agro\/wp-content\/uploads\/2025\/06\/aluminet-o-815-600x450.jpg 600w\" sizes=\"(max-width: 1000px) 100vw, 1000px\" \/><\/figure>\n\n\n\n<figure class=\"wp-block-image size-large\"><img loading=\"lazy\" decoding=\"async\" width=\"1000\" height=\"750\" data-id=\"962\" src=\"https:\/\/america.com.uy\/agro\/wp-content\/uploads\/2025\/06\/aluminet-o-820.jpg\" alt=\"\" class=\"wp-image-962\" srcset=\"https:\/\/america.com.uy\/agro\/wp-content\/uploads\/2025\/06\/aluminet-o-820.jpg 1000w, https:\/\/america.com.uy\/agro\/wp-content\/uploads\/2025\/06\/aluminet-o-820-300x225.jpg 300w, https:\/\/america.com.uy\/agro\/wp-content\/uploads\/2025\/06\/aluminet-o-820-768x576.jpg 768w, https:\/\/america.com.uy\/agro\/wp-content\/uploads\/2025\/06\/aluminet-o-820-600x450.jpg 600w\" sizes=\"(max-width: 1000px) 100vw, 1000px\" \/><\/figure>\n\n\n\n<figure class=\"wp-block-image size-large\"><img loading=\"lazy\" decoding=\"async\" width=\"1000\" height=\"750\" data-id=\"963\" src=\"https:\/\/america.com.uy\/agro\/wp-content\/uploads\/2025\/06\/aluminet-o-844.jpg\" alt=\"\" class=\"wp-image-963\" srcset=\"https:\/\/america.com.uy\/agro\/wp-content\/uploads\/2025\/06\/aluminet-o-844.jpg 1000w, https:\/\/america.com.uy\/agro\/wp-content\/uploads\/2025\/06\/aluminet-o-844-300x225.jpg 300w, https:\/\/america.com.uy\/agro\/wp-content\/uploads\/2025\/06\/aluminet-o-844-768x576.jpg 768w, https:\/\/america.com.uy\/agro\/wp-content\/uploads\/2025\/06\/aluminet-o-844-600x450.jpg 600w\" sizes=\"(max-width: 1000px) 100vw, 1000px\" \/><\/figure>\n\n\n\n<figure class=\"wp-block-image size-large\"><img loading=\"lazy\" decoding=\"async\" width=\"1000\" height=\"750\" data-id=\"960\" src=\"https:\/\/america.com.uy\/agro\/wp-content\/uploads\/2025\/06\/aluminet-o-872.jpg\" alt=\"\" class=\"wp-image-960\" srcset=\"https:\/\/america.com.uy\/agro\/wp-content\/uploads\/2025\/06\/aluminet-o-872.jpg 1000w, https:\/\/america.com.uy\/agro\/wp-content\/uploads\/2025\/06\/aluminet-o-872-300x225.jpg 300w, https:\/\/america.com.uy\/agro\/wp-content\/uploads\/2025\/06\/aluminet-o-872-768x576.jpg 768w, https:\/\/america.com.uy\/agro\/wp-content\/uploads\/2025\/06\/aluminet-o-872-600x450.jpg 600w\" sizes=\"(max-width: 1000px) 100vw, 1000px\" \/><\/figure>\n\n\n\n<figure class=\"wp-block-image size-large\"><img loading=\"lazy\" decoding=\"async\" width=\"1000\" height=\"750\" data-id=\"965\" src=\"https:\/\/america.com.uy\/agro\/wp-content\/uploads\/2025\/06\/aluminet-o-889.jpg\" alt=\"\" class=\"wp-image-965\" srcset=\"https:\/\/america.com.uy\/agro\/wp-content\/uploads\/2025\/06\/aluminet-o-889.jpg 1000w, https:\/\/america.com.uy\/agro\/wp-content\/uploads\/2025\/06\/aluminet-o-889-300x225.jpg 300w, https:\/\/america.com.uy\/agro\/wp-content\/uploads\/2025\/06\/aluminet-o-889-768x576.jpg 768w, https:\/\/america.com.uy\/agro\/wp-content\/uploads\/2025\/06\/aluminet-o-889-600x450.jpg 600w\" sizes=\"(max-width: 1000px) 100vw, 1000px\" \/><\/figure>\n<\/figure>\n","protected":false},"excerpt":{"rendered":"<p>Las Pantallas T\u00e9rmicas Aluminizadas se han convertido en una herramienta clave para el control clim\u00e1tico dentro de los invernaderos agr\u00edcolas. Su uso es sumamente importante y especialmente en zonas con climas extremos, ya sea en verano o invierno, donde mantener condiciones \u00f3ptimas de temperatura y humedad es crucial para el desarrollo eficiente de los cultivos. [&hellip;]<\/p>\n","protected":false},"author":1,"featured_media":961,"comment_status":"open","ping_status":"open","sticky":false,"template":"","format":"standard","meta":{"footnotes":""},"categories":[1],"tags":[],"class_list":["post-958","post","type-post","status-publish","format-standard","has-post-thumbnail","hentry","category-uncategorized"],"_links":{"self":[{"href":"https:\/\/america.com.uy\/agro\/wp-json\/wp\/v2\/posts\/958","targetHints":{"allow":["GET"]}}],"collection":[{"href":"https:\/\/america.com.uy\/agro\/wp-json\/wp\/v2\/posts"}],"about":[{"href":"https:\/\/america.com.uy\/agro\/wp-json\/wp\/v2\/types\/post"}],"author":[{"embeddable":true,"href":"https:\/\/america.com.uy\/agro\/wp-json\/wp\/v2\/users\/1"}],"replies":[{"embeddable":true,"href":"https:\/\/america.com.uy\/agro\/wp-json\/wp\/v2\/comments?post=958"}],"version-history":[{"count":3,"href":"https:\/\/america.com.uy\/agro\/wp-json\/wp\/v2\/posts\/958\/revisions"}],"predecessor-version":[{"id":1403,"href":"https:\/\/america.com.uy\/agro\/wp-json\/wp\/v2\/posts\/958\/revisions\/1403"}],"wp:featuredmedia":[{"embeddable":true,"href":"https:\/\/america.com.uy\/agro\/wp-json\/wp\/v2\/media\/961"}],"wp:attachment":[{"href":"https:\/\/america.com.uy\/agro\/wp-json\/wp\/v2\/media?parent=958"}],"wp:term":[{"taxonomy":"category","embeddable":true,"href":"https:\/\/america.com.uy\/agro\/wp-json\/wp\/v2\/categories?post=958"},{"taxonomy":"post_tag","embeddable":true,"href":"https:\/\/america.com.uy\/agro\/wp-json\/wp\/v2\/tags?post=958"}],"curies":[{"name":"wp","href":"https:\/\/api.w.org\/{rel}","templated":true}]}}